{"id":3124,"date":"2024-11-25T12:57:58","date_gmt":"2024-11-25T12:57:58","guid":{"rendered":"https:\/\/uuee.ejercito.mil.uy\/eehh\/?p=3124"},"modified":"2024-11-25T12:57:58","modified_gmt":"2024-11-25T12:57:58","slug":"santos-maximo-capitan-general","status":"publish","type":"post","link":"https:\/\/uuee.ejercito.mil.uy\/eehh\/2024\/11\/25\/santos-maximo-capitan-general\/","title":{"rendered":"SANTOS, M\u00e1ximo Capit\u00e1n General"},"content":{"rendered":"\n<div id=\"wp-block-themeisle-blocks-advanced-columns-03c6b136\" class=\"wp-block-themeisle-blocks-advanced-columns alignfull has-1-columns has-desktop-equal-layout has-tablet-equal-layout has-mobile-equal-layout has-vertical-center\"><div class=\"wp-block-themeisle-blocks-advanced-columns-overlay\"><\/div><div class=\"innerblocks-wrap\">\n<div id=\"wp-block-themeisle-blocks-advanced-column-9b27f6e3\" class=\"wp-block-themeisle-blocks-advanced-column\">\n<h1 id=\"wp-block-themeisle-blocks-advanced-heading-269761fd\" class=\"wp-block-themeisle-blocks-advanced-heading wp-block-themeisle-blocks-advanced-heading-269761fd\">SANTOS, M\u00e1ximo Capit\u00e1n General<\/h1>\n<\/div>\n<\/div><\/div>\n\n\n\n<div id=\"wp-block-themeisle-blocks-advanced-columns-f429bf02\" class=\"wp-block-themeisle-blocks-advanced-columns alignfull has-2-columns has-desktop-equal-layout has-tablet-equal-layout has-mobile-collapsedRows-layout has-vertical-top ticss-a2946a77 has-dark-bg\"><div class=\"wp-block-themeisle-blocks-advanced-columns-overlay\"><\/div><div class=\"innerblocks-wrap\">\n<div id=\"wp-block-themeisle-blocks-advanced-column-baecc58f\" class=\"wp-block-themeisle-blocks-advanced-column\">\n<p class=\"has-white-color has-text-color has-medium-font-size\" style=\"padding-right:0;padding-left:0\"><\/p>\n\n\n\n<figure class=\"wp-block-image size-full has-custom-border\"><img loading=\"lazy\" decoding=\"async\" width=\"1752\" height=\"2560\" src=\"https:\/\/uuee.ejercito.mil.uy\/eehh\/wp-content\/uploads\/sites\/6\/2024\/11\/Santos_Mximo-scaled.jpg\" alt=\"\" class=\"wp-image-3125\" style=\"border-radius:5px\" srcset=\"https:\/\/uuee.ejercito.mil.uy\/eehh\/wp-content\/uploads\/sites\/6\/2024\/11\/Santos_Mximo-scaled.jpg 1752w, https:\/\/uuee.ejercito.mil.uy\/eehh\/wp-content\/uploads\/sites\/6\/2024\/11\/Santos_Mximo-205x300.jpg 205w, https:\/\/uuee.ejercito.mil.uy\/eehh\/wp-content\/uploads\/sites\/6\/2024\/11\/Santos_Mximo-701x1024.jpg 701w, https:\/\/uuee.ejercito.mil.uy\/eehh\/wp-content\/uploads\/sites\/6\/2024\/11\/Santos_Mximo-768x1122.jpg 768w, https:\/\/uuee.ejercito.mil.uy\/eehh\/wp-content\/uploads\/sites\/6\/2024\/11\/Santos_Mximo-1051x1536.jpg 1051w, https:\/\/uuee.ejercito.mil.uy\/eehh\/wp-content\/uploads\/sites\/6\/2024\/11\/Santos_Mximo-1402x2048.jpg 1402w\" sizes=\"auto, (max-width: 1752px) 100vw, 1752px\" \/><\/figure>\n\n\n\n<p class=\"has-small-font-size\" style=\"padding-right:0;padding-left:0\"><\/p>\n<\/div>\n\n\n\n<div id=\"wp-block-themeisle-blocks-advanced-column-88b6f09a\" class=\"wp-block-themeisle-blocks-advanced-column\">\n<p class=\"has-text-align-center\"><\/p>\n\n\n\n<p class=\"has-medium-font-size\" style=\"padding-right:0;padding-left:0\">Nacido en el departamento de Canelones el 15 de abril de 1847.<br>Ingres\u00f3 al Ej\u00e9rcito como Soldado Distinguido. Desde 1868 revist\u00f3 como Subteniente.<br>Alcanz\u00f3 la m\u00e1s alta jerarqu\u00eda del Ej\u00e9rcito Nacional, (solo por \u00e9l obtenido), de Capit\u00e1n General en el a\u00f1o 1886.<br>En su carrera militar y p\u00fablica, fue Comandante del Batall\u00f3n 5\u00ba de Cazadores, Ministro de Guerra y Marina de dos gobiernos, Senador, Presidente de la Asamblea General y finalmente Presidente de la Rep\u00fablica.<br>El 18 de noviembre de ese 1886, se retira del gobierno al renunciar a la presidencia de la Rep\u00fablica.<br>A su per\u00edodo correspondi\u00f3 la tecnificaci\u00f3n del Ej\u00e9rcito, correspondi\u00e9ndole el m\u00e9rito de haber fundado la Escuela Militar y modernizar el armamento e instrucci\u00f3n del Ej\u00e9rcito Nacional.<br>Exiliado, falleci\u00f3 en Buenos Aires el 19 de mayo de 1889.<\/p>\n\n\n\n<p class=\"has-white-color has-text-color has-medium-font-size\" style=\"padding-right:0;padding-left:0\"><\/p>\n<\/div>\n<\/div><\/div>\n","protected":false},"excerpt":{"rendered":"","protected":false},"author":6,"featured_media":0,"comment_status":"open","ping_status":"open","sticky":false,"template":"","format":"standard","meta":{"neve_meta_sidebar":"full-width","neve_meta_container":"","neve_meta_enable_content_width":"","neve_meta_content_width":0,"neve_meta_title_alignment":"","neve_meta_author_avatar":"","neve_post_elements_order":"[\"thumbnail\",\"content\"]","neve_meta_disable_header":"","neve_meta_disable_footer":"","neve_meta_disable_title":"","_themeisle_gutenberg_block_has_review":false,"footnotes":""},"categories":[1],"tags":[],"class_list":["post-3124","post","type-post","status-publish","format-standard","hentry","category-sin-categoria"],"_links":{"self":[{"href":"https:\/\/uuee.ejercito.mil.uy\/eehh\/wp-json\/wp\/v2\/posts\/3124","targetHints":{"allow":["GET"]}}],"collection":[{"href":"https:\/\/uuee.ejercito.mil.uy\/eehh\/wp-json\/wp\/v2\/posts"}],"about":[{"href":"https:\/\/uuee.ejercito.mil.uy\/eehh\/wp-json\/wp\/v2\/types\/post"}],"author":[{"embeddable":true,"href":"https:\/\/uuee.ejercito.mil.uy\/eehh\/wp-json\/wp\/v2\/users\/6"}],"replies":[{"embeddable":true,"href":"https:\/\/uuee.ejercito.mil.uy\/eehh\/wp-json\/wp\/v2\/comments?post=3124"}],"version-history":[{"count":1,"href":"https:\/\/uuee.ejercito.mil.uy\/eehh\/wp-json\/wp\/v2\/posts\/3124\/revisions"}],"predecessor-version":[{"id":3126,"href":"https:\/\/uuee.ejercito.mil.uy\/eehh\/wp-json\/wp\/v2\/posts\/3124\/revisions\/3126"}],"wp:attachment":[{"href":"https:\/\/uuee.ejercito.mil.uy\/eehh\/wp-json\/wp\/v2\/media?parent=3124"}],"wp:term":[{"taxonomy":"category","embeddable":true,"href":"https:\/\/uuee.ejercito.mil.uy\/eehh\/wp-json\/wp\/v2\/categories?post=3124"},{"taxonomy":"post_tag","embeddable":true,"href":"https:\/\/uuee.ejercito.mil.uy\/eehh\/wp-json\/wp\/v2\/tags?post=3124"}],"curies":[{"name":"wp","href":"https:\/\/api.w.org\/{rel}","templated":true}]}}