{"id":3046,"date":"2024-11-22T15:16:06","date_gmt":"2024-11-22T15:16:06","guid":{"rendered":"https:\/\/uuee.ejercito.mil.uy\/eehh\/?p=3046"},"modified":"2024-11-22T15:16:07","modified_gmt":"2024-11-22T15:16:07","slug":"galarza-pablo-teniente-general","status":"publish","type":"post","link":"https:\/\/uuee.ejercito.mil.uy\/eehh\/2024\/11\/22\/galarza-pablo-teniente-general\/","title":{"rendered":"GALARZA, Pablo Teniente General"},"content":{"rendered":"\n<div id=\"wp-block-themeisle-blocks-advanced-columns-03c6b136\" class=\"wp-block-themeisle-blocks-advanced-columns alignfull has-1-columns has-desktop-equal-layout has-tablet-equal-layout has-mobile-equal-layout has-vertical-center\"><div class=\"wp-block-themeisle-blocks-advanced-columns-overlay\"><\/div><div class=\"innerblocks-wrap\">\n<div id=\"wp-block-themeisle-blocks-advanced-column-9b27f6e3\" class=\"wp-block-themeisle-blocks-advanced-column\">\n<h1 id=\"wp-block-themeisle-blocks-advanced-heading-269761fd\" class=\"wp-block-themeisle-blocks-advanced-heading wp-block-themeisle-blocks-advanced-heading-269761fd\">GALARZA, Pablo Teniente General<\/h1>\n<\/div>\n<\/div><\/div>\n\n\n\n<div id=\"wp-block-themeisle-blocks-advanced-columns-f429bf02\" class=\"wp-block-themeisle-blocks-advanced-columns alignfull has-2-columns has-desktop-equal-layout has-tablet-equal-layout has-mobile-collapsedRows-layout has-vertical-top ticss-a2946a77 has-dark-bg\"><div class=\"wp-block-themeisle-blocks-advanced-columns-overlay\"><\/div><div class=\"innerblocks-wrap\">\n<div id=\"wp-block-themeisle-blocks-advanced-column-baecc58f\" class=\"wp-block-themeisle-blocks-advanced-column\">\n<p class=\"has-white-color has-text-color has-medium-font-size\" style=\"padding-right:0;padding-left:0\"><\/p>\n\n\n\n<figure class=\"wp-block-image size-full has-custom-border\"><img loading=\"lazy\" decoding=\"async\" width=\"336\" height=\"429\" src=\"https:\/\/uuee.ejercito.mil.uy\/eehh\/wp-content\/uploads\/sites\/6\/2024\/11\/Pablo_Galarza.jpg\" alt=\"\" class=\"wp-image-3047\" style=\"border-radius:5px\" srcset=\"https:\/\/uuee.ejercito.mil.uy\/eehh\/wp-content\/uploads\/sites\/6\/2024\/11\/Pablo_Galarza.jpg 336w, https:\/\/uuee.ejercito.mil.uy\/eehh\/wp-content\/uploads\/sites\/6\/2024\/11\/Pablo_Galarza-235x300.jpg 235w\" sizes=\"auto, (max-width: 336px) 100vw, 336px\" \/><\/figure>\n\n\n\n<p class=\"has-small-font-size\" style=\"padding-right:0;padding-left:0\"><\/p>\n<\/div>\n\n\n\n<div id=\"wp-block-themeisle-blocks-advanced-column-88b6f09a\" class=\"wp-block-themeisle-blocks-advanced-column\">\n<p class=\"has-text-align-center\"><\/p>\n\n\n\n<p class=\"has-medium-font-size\" style=\"padding-right:0;padding-left:0\">Naci\u00f3 el 16 de enero de 1851 en Soriano.<br>Militar de destacada actuaci\u00f3n en el Ej\u00e9rcito Nacional, al que ingres\u00f3 en 1870 como Ayudante Mayor en la Divisi\u00f3n Soriano.<br>Obtuvo la mayor\u00eda de sus ascensos en las campa\u00f1as contra las fuerzas revolucionarias de Timoteo Aparicio.<br>En 1886 asciende al grado de Coronel de Caballer\u00eda.<br>Particip\u00f3 en la Revoluci\u00f3n de 1897 como Jefe de Vanguardia. En 1904 se le otorga el ascenso al grado de General de Brigada, ocupando el cargo de Comandante en Jefe del Ej\u00e9rcito del Sur obteniendo la victoria de Tupamba\u00e9, batalla librada entre el 22 y 23 de junio de 1904.<br>Asciende a General de Divisi\u00f3n en 1905, alcanzando la jerarqu\u00eda de Teniente General en 1911.<br>El 24 de febrero de 1915 ocupa el Cargo de Jefe de la Regi\u00f3n Militar N\u00ba 3.<br>En marzo de 1934 es Comandante Militar de Flores y en enero de 1935 de Durazno.<\/p>\n\n\n\n<p class=\"has-white-color has-text-color has-medium-font-size\" style=\"padding-right:0;padding-left:0\">Falleci\u00f3 el 15 de octubre de 1937.<\/p>\n<\/div>\n<\/div><\/div>\n","protected":false},"excerpt":{"rendered":"","protected":false},"author":6,"featured_media":0,"comment_status":"open","ping_status":"open","sticky":false,"template":"","format":"standard","meta":{"neve_meta_sidebar":"full-width","neve_meta_container":"","neve_meta_enable_content_width":"","neve_meta_content_width":0,"neve_meta_title_alignment":"","neve_meta_author_avatar":"","neve_post_elements_order":"[\"thumbnail\",\"content\"]","neve_meta_disable_header":"","neve_meta_disable_footer":"","neve_meta_disable_title":"","_themeisle_gutenberg_block_has_review":false,"footnotes":""},"categories":[1],"tags":[],"class_list":["post-3046","post","type-post","status-publish","format-standard","hentry","category-sin-categoria"],"_links":{"self":[{"href":"https:\/\/uuee.ejercito.mil.uy\/eehh\/wp-json\/wp\/v2\/posts\/3046","targetHints":{"allow":["GET"]}}],"collection":[{"href":"https:\/\/uuee.ejercito.mil.uy\/eehh\/wp-json\/wp\/v2\/posts"}],"about":[{"href":"https:\/\/uuee.ejercito.mil.uy\/eehh\/wp-json\/wp\/v2\/types\/post"}],"author":[{"embeddable":true,"href":"https:\/\/uuee.ejercito.mil.uy\/eehh\/wp-json\/wp\/v2\/users\/6"}],"replies":[{"embeddable":true,"href":"https:\/\/uuee.ejercito.mil.uy\/eehh\/wp-json\/wp\/v2\/comments?post=3046"}],"version-history":[{"count":1,"href":"https:\/\/uuee.ejercito.mil.uy\/eehh\/wp-json\/wp\/v2\/posts\/3046\/revisions"}],"predecessor-version":[{"id":3048,"href":"https:\/\/uuee.ejercito.mil.uy\/eehh\/wp-json\/wp\/v2\/posts\/3046\/revisions\/3048"}],"wp:attachment":[{"href":"https:\/\/uuee.ejercito.mil.uy\/eehh\/wp-json\/wp\/v2\/media?parent=3046"}],"wp:term":[{"taxonomy":"category","embeddable":true,"href":"https:\/\/uuee.ejercito.mil.uy\/eehh\/wp-json\/wp\/v2\/categories?post=3046"},{"taxonomy":"post_tag","embeddable":true,"href":"https:\/\/uuee.ejercito.mil.uy\/eehh\/wp-json\/wp\/v2\/tags?post=3046"}],"curies":[{"name":"wp","href":"https:\/\/api.w.org\/{rel}","templated":true}]}}